{"id":452,"date":"2024-06-28T12:45:00","date_gmt":"2024-06-28T10:45:00","guid":{"rendered":"https:\/\/sg-dallenwil.ch\/?p=452"},"modified":"2024-07-21T09:05:35","modified_gmt":"2024-07-21T07:05:35","slug":"150-jahre-jublaeumsschiessen-sg-perlen","status":"publish","type":"post","link":"https:\/\/sg-dallenwil.ch\/?p=452","title":{"rendered":"150 Jahre Jubl\u00e4umsschiessen SG Perlen"},"content":{"rendered":"\n<p>\u00dcber 1&#8217;000 Sch\u00fctzen nutzten die Gelegenheit, am 150 Jahre Jubl\u00e4umsschiessen der SG Perlen teilzunehmen. Ein sch\u00f6ner Erfolg f\u00fcr die Sch\u00fctzengesellschaft, die das allj\u00e4hrliche Rontaler Schiessen als Anlass genutzt hat, ihr Jubil\u00e4um auf diese Weise zu begehen.<\/p>\n\n\n\n<p>Als Bestandteil der Jahresmeisterschaft der SG Dallenwil fand dieses Schiessen Aufnahme in das Jahresprogramm und die Dallenwiler Delegation war so f\u00fcr einmal zu Gast im Rontal.<\/p>\n\n\n\n<div data-wp-interactive=\"core\/file\" class=\"wp-block-file\"><object data-wp-bind--hidden=\"!state.hasPdfPreview\" hidden class=\"wp-block-file__embed\" data=\"https:\/\/sg-dallenwil.ch\/wp-content\/uploads\/2024\/06\/240614_bis_22_Perlen_150_Jahre_Verein_Einzelrangliste.pdf\" type=\"application\/pdf\" style=\"width:100%;height:600px\" aria-label=\"Einbettung von 240614_bis_22_Perlen_150_Jahre_Verein_Einzelrangliste.\"><\/object><a id=\"wp-block-file--media-b5affadf-e6ad-4eee-8f0a-e736e168bf64\" href=\"https:\/\/sg-dallenwil.ch\/wp-content\/uploads\/2024\/06\/240614_bis_22_Perlen_150_Jahre_Verein_Einzelrangliste.pdf\">240614_bis_22_Perlen_150_Jahre_Verein_Einzelrangliste<\/a><a href=\"https:\/\/sg-dallenwil.ch\/wp-content\/uploads\/2024\/06\/240614_bis_22_Perlen_150_Jahre_Verein_Einzelrangliste.pdf\" class=\"wp-block-file__button wp-element-button\" download aria-describedby=\"wp-block-file--media-b5affadf-e6ad-4eee-8f0a-e736e168bf64\">Herunterladen<\/a><\/div>\n\n\n\n<div data-wp-interactive=\"core\/file\" class=\"wp-block-file\"><object data-wp-bind--hidden=\"!state.hasPdfPreview\" hidden class=\"wp-block-file__embed\" data=\"https:\/\/sg-dallenwil.ch\/wp-content\/uploads\/2024\/06\/240614_bis_22_Perlen_150_Jahre_Gruppe_Einzelrangliste.pdf\" type=\"application\/pdf\" style=\"width:100%;height:600px\" aria-label=\"Einbettung von 240614_bis_22_Perlen_150_Jahre_Gruppe_Einzelrangliste.\"><\/object><a id=\"wp-block-file--media-738f1195-bf42-4a43-9865-6e969498ba8d\" href=\"https:\/\/sg-dallenwil.ch\/wp-content\/uploads\/2024\/06\/240614_bis_22_Perlen_150_Jahre_Gruppe_Einzelrangliste.pdf\">240614_bis_22_Perlen_150_Jahre_Gruppe_Einzelrangliste<\/a><a href=\"https:\/\/sg-dallenwil.ch\/wp-content\/uploads\/2024\/06\/240614_bis_22_Perlen_150_Jahre_Gruppe_Einzelrangliste.pdf\" class=\"wp-block-file__button wp-element-button\" download aria-describedby=\"wp-block-file--media-738f1195-bf42-4a43-9865-6e969498ba8d\">Herunterladen<\/a><\/div>\n\n\n\n<div data-wp-interactive=\"core\/file\" class=\"wp-block-file\"><object data-wp-bind--hidden=\"!state.hasPdfPreview\" hidden class=\"wp-block-file__embed\" data=\"https:\/\/sg-dallenwil.ch\/wp-content\/uploads\/2024\/06\/240614_bis_22_Perlen_150_Jahre_Auszahlung_Einzelrangliste_2.pdf\" type=\"application\/pdf\" style=\"width:100%;height:600px\" aria-label=\"Einbettung von 240614_bis_22_Perlen_150_Jahre_Auszahlung_Einzelrangliste_2.\"><\/object><a id=\"wp-block-file--media-f6f58ea8-d7b1-4a1a-b0ca-58086b825548\" href=\"https:\/\/sg-dallenwil.ch\/wp-content\/uploads\/2024\/06\/240614_bis_22_Perlen_150_Jahre_Auszahlung_Einzelrangliste_2.pdf\">240614_bis_22_Perlen_150_Jahre_Auszahlung_Einzelrangliste_2<\/a><a href=\"https:\/\/sg-dallenwil.ch\/wp-content\/uploads\/2024\/06\/240614_bis_22_Perlen_150_Jahre_Auszahlung_Einzelrangliste_2.pdf\" class=\"wp-block-file__button wp-element-button\" download aria-describedby=\"wp-block-file--media-f6f58ea8-d7b1-4a1a-b0ca-58086b825548\">Herunterladen<\/a><\/div>\n\n\n\n<div data-wp-interactive=\"core\/file\" class=\"wp-block-file\"><object data-wp-bind--hidden=\"!state.hasPdfPreview\" hidden class=\"wp-block-file__embed\" data=\"https:\/\/sg-dallenwil.ch\/wp-content\/uploads\/2024\/06\/240614_bis_22_Perlen_150_Jahre_Gruppe_Kat_D_Rangliste.pdf\" type=\"application\/pdf\" style=\"width:100%;height:400px\" aria-label=\"Einbettung von 240614_bis_22_Perlen_150_Jahre_Gruppe_Kat_D_Rangliste.\"><\/object><a id=\"wp-block-file--media-3464be8d-5748-41fa-8b39-f3f69929afe2\" href=\"https:\/\/sg-dallenwil.ch\/wp-content\/uploads\/2024\/06\/240614_bis_22_Perlen_150_Jahre_Gruppe_Kat_D_Rangliste.pdf\">240614_bis_22_Perlen_150_Jahre_Gruppe_Kat_D_Rangliste<\/a><a href=\"https:\/\/sg-dallenwil.ch\/wp-content\/uploads\/2024\/06\/240614_bis_22_Perlen_150_Jahre_Gruppe_Kat_D_Rangliste.pdf\" class=\"wp-block-file__button wp-element-button\" download aria-describedby=\"wp-block-file--media-3464be8d-5748-41fa-8b39-f3f69929afe2\">Herunterladen<\/a><\/div>\n\n\n\n<div data-wp-interactive=\"core\/file\" class=\"wp-block-file\"><object data-wp-bind--hidden=\"!state.hasPdfPreview\" hidden class=\"wp-block-file__embed\" data=\"https:\/\/sg-dallenwil.ch\/wp-content\/uploads\/2024\/06\/240614_bis_22_Perlen_150_Jahre_Gruppe_Kat_E_Rangliste.pdf\" type=\"application\/pdf\" style=\"width:100%;height:400px\" aria-label=\"Einbettung von 240614_bis_22_Perlen_150_Jahre_Gruppe_Kat_E_Rangliste.\"><\/object><a id=\"wp-block-file--media-0350b2f5-6fd2-46b0-bc62-d444b34f2bd4\" href=\"https:\/\/sg-dallenwil.ch\/wp-content\/uploads\/2024\/06\/240614_bis_22_Perlen_150_Jahre_Gruppe_Kat_E_Rangliste.pdf\">240614_bis_22_Perlen_150_Jahre_Gruppe_Kat_E_Rangliste<\/a><a href=\"https:\/\/sg-dallenwil.ch\/wp-content\/uploads\/2024\/06\/240614_bis_22_Perlen_150_Jahre_Gruppe_Kat_E_Rangliste.pdf\" class=\"wp-block-file__button wp-element-button\" download aria-describedby=\"wp-block-file--media-0350b2f5-6fd2-46b0-bc62-d444b34f2bd4\">Herunterladen<\/a><\/div>\n\n\n\n<div data-wp-interactive=\"core\/file\" class=\"wp-block-file\"><object data-wp-bind--hidden=\"!state.hasPdfPreview\" hidden class=\"wp-block-file__embed\" data=\"https:\/\/sg-dallenwil.ch\/wp-content\/uploads\/2024\/06\/240614_bis_22_Perlen_150_Jahre_Auswertung_pro_Sektion_SG_Dallenwil.pdf\" type=\"application\/pdf\" style=\"width:100%;height:600px\" aria-label=\"Einbettung von 240614_bis_22_Perlen_150_Jahre_Auswertung_pro_Sektion_SG_Dallenwil.\"><\/object><a id=\"wp-block-file--media-43c55024-2651-4d39-83d5-2f1638608141\" href=\"https:\/\/sg-dallenwil.ch\/wp-content\/uploads\/2024\/06\/240614_bis_22_Perlen_150_Jahre_Auswertung_pro_Sektion_SG_Dallenwil.pdf\">240614_bis_22_Perlen_150_Jahre_Auswertung_pro_Sektion_SG_Dallenwil<\/a><a href=\"https:\/\/sg-dallenwil.ch\/wp-content\/uploads\/2024\/06\/240614_bis_22_Perlen_150_Jahre_Auswertung_pro_Sektion_SG_Dallenwil.pdf\" class=\"wp-block-file__button wp-element-button\" download aria-describedby=\"wp-block-file--media-43c55024-2651-4d39-83d5-2f1638608141\">Herunterladen<\/a><\/div>\n","protected":false},"excerpt":{"rendered":"<p>\u00dcber 1&#8217;000 Sch\u00fctzen nutzten die Gelegenheit, am 150 Jahre Jubl\u00e4umsschiessen der SG Perlen teilzunehmen. Ein sch\u00f6ner Erfolg f\u00fcr die Sch\u00fctzengesellschaft, die das allj\u00e4hrliche Rontaler Schiessen als Anlass genutzt hat, ihr Jubil\u00e4um auf diese Weise zu begehen. Als Bestandteil der Jahresmeisterschaft &hellip; <a href=\"https:\/\/sg-dallenwil.ch\/?p=452\">Weiterlesen <span class=\"meta-nav\">&rarr;<\/span><\/a><\/p>\n","protected":false},"author":2,"featured_media":453,"comment_status":"closed","ping_status":"closed","sticky":false,"template":"","format":"standard","meta":{"footnotes":""},"categories":[15,5],"tags":[],"class_list":["post-452","post","type-post","status-publish","format-standard","has-post-thumbnail","hentry","category-15","category-ereignisse"],"_links":{"self":[{"href":"https:\/\/sg-dallenwil.ch\/index.php?rest_route=\/wp\/v2\/posts\/452","targetHints":{"allow":["GET"]}}],"collection":[{"href":"https:\/\/sg-dallenwil.ch\/index.php?rest_route=\/wp\/v2\/posts"}],"about":[{"href":"https:\/\/sg-dallenwil.ch\/index.php?rest_route=\/wp\/v2\/types\/post"}],"author":[{"embeddable":true,"href":"https:\/\/sg-dallenwil.ch\/index.php?rest_route=\/wp\/v2\/users\/2"}],"replies":[{"embeddable":true,"href":"https:\/\/sg-dallenwil.ch\/index.php?rest_route=%2Fwp%2Fv2%2Fcomments&post=452"}],"version-history":[{"count":6,"href":"https:\/\/sg-dallenwil.ch\/index.php?rest_route=\/wp\/v2\/posts\/452\/revisions"}],"predecessor-version":[{"id":474,"href":"https:\/\/sg-dallenwil.ch\/index.php?rest_route=\/wp\/v2\/posts\/452\/revisions\/474"}],"wp:featuredmedia":[{"embeddable":true,"href":"https:\/\/sg-dallenwil.ch\/index.php?rest_route=\/wp\/v2\/media\/453"}],"wp:attachment":[{"href":"https:\/\/sg-dallenwil.ch\/index.php?rest_route=%2Fwp%2Fv2%2Fmedia&parent=452"}],"wp:term":[{"taxonomy":"category","embeddable":true,"href":"https:\/\/sg-dallenwil.ch\/index.php?rest_route=%2Fwp%2Fv2%2Fcategories&post=452"},{"taxonomy":"post_tag","embeddable":true,"href":"https:\/\/sg-dallenwil.ch\/index.php?rest_route=%2Fwp%2Fv2%2Ftags&post=452"}],"curies":[{"name":"wp","href":"https:\/\/api.w.org\/{rel}","templated":true}]}}